{"id":58522,"date":"2025-05-20T18:25:09","date_gmt":"2025-05-20T21:25:09","guid":{"rendered":"https:\/\/deyelstage.wpenginepowered.com\/?p=58522"},"modified":"2025-06-27T14:44:31","modified_gmt":"2025-06-27T17:44:31","slug":"plataforma-de-baixo-codigo-com-uma-abordagem-hibrida","status":"publish","type":"post","link":"https:\/\/www.deyel.com\/pt-br\/blog\/plataforma-de-baixo-codigo-com-uma-abordagem-hibrida\/","title":{"rendered":"Aplicativos prontos para usar ou personalizados: qual \u00e9 o melhor?"},"content":{"rendered":"","protected":false},"excerpt":{"rendered":"","protected":false},"author":3537,"featured_media":58535,"comment_status":"closed","ping_status":"closed","sticky":false,"template":"","format":"standard","meta":{"footnotes":""},"categories":[49],"tags":[],"class_list":["post-58522","post","type-post","status-publish","format-standard","has-post-thumbnail","hentry","category-blog"],"acf":[],"yoast_head":"<!-- This site is optimized with the Yoast SEO plugin v27.1.1 - https:\/\/yoast.com\/product\/yoast-seo-wordpress\/ -->\n<title>Aplicativos prontos para usar ou personalizados: qual \u00e9 o melhor?<\/title>\n<meta name=\"description\" content=\"Existem plataformas de software que oferecem aplica\u00e7\u00f5es prontas para usar e outras que permitem uma maior personaliza\u00e7\u00e3o. No entanto, existe uma proposta h\u00edbrida que combine o melhor de ambas? Nesta nota de blog, investigaremos as respectivas caracter\u00edsticas de cada abordagem e resolveremos essa pergunta.\" \/>\n<meta name=\"robots\" content=\"index, follow, max-snippet:-1, max-image-preview:large, max-video-preview:-1\" \/>\n<link rel=\"canonical\" href=\"https:\/\/www.deyel.com\/pt-br\/blog\/plataforma-de-baixo-codigo-com-uma-abordagem-hibrida\/\" \/>\n<meta property=\"og:locale\" content=\"pt_BR\" \/>\n<meta property=\"og:type\" content=\"article\" \/>\n<meta property=\"og:title\" content=\"Aplicativos prontos para usar ou personalizados: qual \u00e9 o melhor?\" \/>\n<meta property=\"og:description\" content=\"Existem plataformas de software que oferecem aplica\u00e7\u00f5es prontas para usar e outras que permitem uma maior personaliza\u00e7\u00e3o. No entanto, existe uma proposta h\u00edbrida que combine o melhor de ambas? Nesta nota de blog, investigaremos as respectivas caracter\u00edsticas de cada abordagem e resolveremos essa pergunta.\" \/>\n<meta property=\"og:url\" content=\"https:\/\/www.deyel.com\/pt-br\/blog\/plataforma-de-baixo-codigo-com-uma-abordagem-hibrida\/\" \/>\n<meta property=\"og:site_name\" content=\"Deyel\" \/>\n<meta property=\"article:publisher\" content=\"https:\/\/www.facebook.com\/deyelplatform\" \/>\n<meta property=\"article:published_time\" content=\"2025-05-20T21:25:09+00:00\" \/>\n<meta property=\"article:modified_time\" content=\"2025-06-27T17:44:31+00:00\" \/>\n<meta property=\"og:image\" content=\"https:\/\/www.deyel.com\/wp-content\/uploads\/2025\/05\/M2-B-P.png\" \/>\n\t<meta property=\"og:image:width\" content=\"450\" \/>\n\t<meta property=\"og:image:height\" content=\"450\" \/>\n\t<meta property=\"og:image:type\" content=\"image\/png\" \/>\n<meta name=\"author\" content=\"Yessica Romero\" \/>\n<meta name=\"twitter:card\" content=\"summary_large_image\" \/>\n<meta name=\"twitter:creator\" content=\"@deyelplatform\" \/>\n<meta name=\"twitter:site\" content=\"@deyelplatform\" \/>\n<meta name=\"twitter:label1\" content=\"Written by\" \/>\n\t<meta name=\"twitter:data1\" content=\"Yessica Romero\" \/>\n<script type=\"application\/ld+json\" class=\"yoast-schema-graph\">{\"@context\":\"https:\/\/schema.org\",\"@graph\":[{\"@type\":\"Article\",\"@id\":\"https:\/\/www.deyel.com\/pt-br\/blog\/plataforma-de-baixo-codigo-com-uma-abordagem-hibrida\/#article\",\"isPartOf\":{\"@id\":\"https:\/\/www.deyel.com\/pt-br\/blog\/plataforma-de-baixo-codigo-com-uma-abordagem-hibrida\/\"},\"author\":{\"name\":\"Yessica Romero\",\"@id\":\"https:\/\/www.deyel.com\/pt-br\/#\/schema\/person\/2e38d504a565c43289704a249d34ab28\"},\"headline\":\"Aplicativos prontos para usar ou personalizados: qual \u00e9 o melhor?\",\"datePublished\":\"2025-05-20T21:25:09+00:00\",\"dateModified\":\"2025-06-27T17:44:31+00:00\",\"mainEntityOfPage\":{\"@id\":\"https:\/\/www.deyel.com\/pt-br\/blog\/plataforma-de-baixo-codigo-com-uma-abordagem-hibrida\/\"},\"wordCount\":9,\"publisher\":{\"@id\":\"https:\/\/www.deyel.com\/pt-br\/#organization\"},\"image\":{\"@id\":\"https:\/\/www.deyel.com\/pt-br\/blog\/plataforma-de-baixo-codigo-com-uma-abordagem-hibrida\/#primaryimage\"},\"thumbnailUrl\":\"https:\/\/www.deyel.com\/wp-content\/uploads\/2025\/05\/M2-B-P.png\",\"articleSection\":[\"Not\u00edcias\"],\"inLanguage\":\"pt-BR\"},{\"@type\":\"WebPage\",\"@id\":\"https:\/\/www.deyel.com\/pt-br\/blog\/plataforma-de-baixo-codigo-com-uma-abordagem-hibrida\/\",\"url\":\"https:\/\/www.deyel.com\/pt-br\/blog\/plataforma-de-baixo-codigo-com-uma-abordagem-hibrida\/\",\"name\":\"Aplicativos prontos para usar ou personalizados: qual \u00e9 o melhor?\",\"isPartOf\":{\"@id\":\"https:\/\/www.deyel.com\/pt-br\/#website\"},\"primaryImageOfPage\":{\"@id\":\"https:\/\/www.deyel.com\/pt-br\/blog\/plataforma-de-baixo-codigo-com-uma-abordagem-hibrida\/#primaryimage\"},\"image\":{\"@id\":\"https:\/\/www.deyel.com\/pt-br\/blog\/plataforma-de-baixo-codigo-com-uma-abordagem-hibrida\/#primaryimage\"},\"thumbnailUrl\":\"https:\/\/www.deyel.com\/wp-content\/uploads\/2025\/05\/M2-B-P.png\",\"datePublished\":\"2025-05-20T21:25:09+00:00\",\"dateModified\":\"2025-06-27T17:44:31+00:00\",\"description\":\"Existem plataformas de software que oferecem aplica\u00e7\u00f5es prontas para usar e outras que permitem uma maior personaliza\u00e7\u00e3o. No entanto, existe uma proposta h\u00edbrida que combine o melhor de ambas? Nesta nota de blog, investigaremos as respectivas caracter\u00edsticas de cada abordagem e resolveremos essa pergunta.\",\"breadcrumb\":{\"@id\":\"https:\/\/www.deyel.com\/pt-br\/blog\/plataforma-de-baixo-codigo-com-uma-abordagem-hibrida\/#breadcrumb\"},\"inLanguage\":\"pt-BR\",\"potentialAction\":[{\"@type\":\"ReadAction\",\"target\":[\"https:\/\/www.deyel.com\/pt-br\/blog\/plataforma-de-baixo-codigo-com-uma-abordagem-hibrida\/\"]}]},{\"@type\":\"ImageObject\",\"inLanguage\":\"pt-BR\",\"@id\":\"https:\/\/www.deyel.com\/pt-br\/blog\/plataforma-de-baixo-codigo-com-uma-abordagem-hibrida\/#primaryimage\",\"url\":\"https:\/\/www.deyel.com\/wp-content\/uploads\/2025\/05\/M2-B-P.png\",\"contentUrl\":\"https:\/\/www.deyel.com\/wp-content\/uploads\/2025\/05\/M2-B-P.png\",\"width\":450,\"height\":450},{\"@type\":\"BreadcrumbList\",\"@id\":\"https:\/\/www.deyel.com\/pt-br\/blog\/plataforma-de-baixo-codigo-com-uma-abordagem-hibrida\/#breadcrumb\",\"itemListElement\":[{\"@type\":\"ListItem\",\"position\":1,\"name\":\"Home\",\"item\":\"https:\/\/www.deyel.com\/pt-br\/\"},{\"@type\":\"ListItem\",\"position\":2,\"name\":\"Aplicativos prontos para usar ou personalizados: qual \u00e9 o melhor?\"}]},{\"@type\":\"WebSite\",\"@id\":\"https:\/\/www.deyel.com\/pt-br\/#website\",\"url\":\"https:\/\/www.deyel.com\/pt-br\/\",\"name\":\"Deyel\",\"description\":\"Deyel es una Low Code application platform (Lcap\/NoCap) que te permite construir tus aplicaciones en un entorno seguro.\",\"publisher\":{\"@id\":\"https:\/\/www.deyel.com\/pt-br\/#organization\"},\"potentialAction\":[{\"@type\":\"SearchAction\",\"target\":{\"@type\":\"EntryPoint\",\"urlTemplate\":\"https:\/\/www.deyel.com\/pt-br\/?s={search_term_string}\"},\"query-input\":{\"@type\":\"PropertyValueSpecification\",\"valueRequired\":true,\"valueName\":\"search_term_string\"}}],\"inLanguage\":\"pt-BR\"},{\"@type\":\"Organization\",\"@id\":\"https:\/\/www.deyel.com\/pt-br\/#organization\",\"name\":\"Optaris\",\"url\":\"https:\/\/www.deyel.com\/pt-br\/\",\"logo\":{\"@type\":\"ImageObject\",\"inLanguage\":\"pt-BR\",\"@id\":\"https:\/\/www.deyel.com\/pt-br\/#\/schema\/logo\/image\/\",\"url\":\"https:\/\/www.deyel.com\/wp-content\/uploads\/2022\/01\/optaris-logo.png\",\"contentUrl\":\"https:\/\/www.deyel.com\/wp-content\/uploads\/2022\/01\/optaris-logo.png\",\"width\":800,\"height\":164,\"caption\":\"Optaris\"},\"image\":{\"@id\":\"https:\/\/www.deyel.com\/pt-br\/#\/schema\/logo\/image\/\"},\"sameAs\":[\"https:\/\/www.facebook.com\/deyelplatform\",\"https:\/\/x.com\/deyelplatform\",\"https:\/\/www.linkedin.com\/showcase\/deyel\/\",\"https:\/\/www.youtube.com\/channel\/UCaYPJCvwQKSStOCJ-caxRqQ\"]},{\"@type\":\"Person\",\"@id\":\"https:\/\/www.deyel.com\/pt-br\/#\/schema\/person\/2e38d504a565c43289704a249d34ab28\",\"name\":\"Yessica Romero\"}]}<\/script>\n<!-- \/ Yoast SEO plugin. -->","yoast_head_json":{"title":"Aplicativos prontos para usar ou personalizados: qual \u00e9 o melhor?","description":"Existem plataformas de software que oferecem aplica\u00e7\u00f5es prontas para usar e outras que permitem uma maior personaliza\u00e7\u00e3o. No entanto, existe uma proposta h\u00edbrida que combine o melhor de ambas? Nesta nota de blog, investigaremos as respectivas caracter\u00edsticas de cada abordagem e resolveremos essa pergunta.","robots":{"index":"index","follow":"follow","max-snippet":"max-snippet:-1","max-image-preview":"max-image-preview:large","max-video-preview":"max-video-preview:-1"},"canonical":"https:\/\/www.deyel.com\/pt-br\/blog\/plataforma-de-baixo-codigo-com-uma-abordagem-hibrida\/","og_locale":"pt_BR","og_type":"article","og_title":"Aplicativos prontos para usar ou personalizados: qual \u00e9 o melhor?","og_description":"Existem plataformas de software que oferecem aplica\u00e7\u00f5es prontas para usar e outras que permitem uma maior personaliza\u00e7\u00e3o. No entanto, existe uma proposta h\u00edbrida que combine o melhor de ambas? Nesta nota de blog, investigaremos as respectivas caracter\u00edsticas de cada abordagem e resolveremos essa pergunta.","og_url":"https:\/\/www.deyel.com\/pt-br\/blog\/plataforma-de-baixo-codigo-com-uma-abordagem-hibrida\/","og_site_name":"Deyel","article_publisher":"https:\/\/www.facebook.com\/deyelplatform","article_published_time":"2025-05-20T21:25:09+00:00","article_modified_time":"2025-06-27T17:44:31+00:00","og_image":[{"width":450,"height":450,"url":"https:\/\/www.deyel.com\/wp-content\/uploads\/2025\/05\/M2-B-P.png","type":"image\/png"}],"author":"Yessica Romero","twitter_card":"summary_large_image","twitter_creator":"@deyelplatform","twitter_site":"@deyelplatform","twitter_misc":{"Written by":"Yessica Romero"},"schema":{"@context":"https:\/\/schema.org","@graph":[{"@type":"Article","@id":"https:\/\/www.deyel.com\/pt-br\/blog\/plataforma-de-baixo-codigo-com-uma-abordagem-hibrida\/#article","isPartOf":{"@id":"https:\/\/www.deyel.com\/pt-br\/blog\/plataforma-de-baixo-codigo-com-uma-abordagem-hibrida\/"},"author":{"name":"Yessica Romero","@id":"https:\/\/www.deyel.com\/pt-br\/#\/schema\/person\/2e38d504a565c43289704a249d34ab28"},"headline":"Aplicativos prontos para usar ou personalizados: qual \u00e9 o melhor?","datePublished":"2025-05-20T21:25:09+00:00","dateModified":"2025-06-27T17:44:31+00:00","mainEntityOfPage":{"@id":"https:\/\/www.deyel.com\/pt-br\/blog\/plataforma-de-baixo-codigo-com-uma-abordagem-hibrida\/"},"wordCount":9,"publisher":{"@id":"https:\/\/www.deyel.com\/pt-br\/#organization"},"image":{"@id":"https:\/\/www.deyel.com\/pt-br\/blog\/plataforma-de-baixo-codigo-com-uma-abordagem-hibrida\/#primaryimage"},"thumbnailUrl":"https:\/\/www.deyel.com\/wp-content\/uploads\/2025\/05\/M2-B-P.png","articleSection":["Not\u00edcias"],"inLanguage":"pt-BR"},{"@type":"WebPage","@id":"https:\/\/www.deyel.com\/pt-br\/blog\/plataforma-de-baixo-codigo-com-uma-abordagem-hibrida\/","url":"https:\/\/www.deyel.com\/pt-br\/blog\/plataforma-de-baixo-codigo-com-uma-abordagem-hibrida\/","name":"Aplicativos prontos para usar ou personalizados: qual \u00e9 o melhor?","isPartOf":{"@id":"https:\/\/www.deyel.com\/pt-br\/#website"},"primaryImageOfPage":{"@id":"https:\/\/www.deyel.com\/pt-br\/blog\/plataforma-de-baixo-codigo-com-uma-abordagem-hibrida\/#primaryimage"},"image":{"@id":"https:\/\/www.deyel.com\/pt-br\/blog\/plataforma-de-baixo-codigo-com-uma-abordagem-hibrida\/#primaryimage"},"thumbnailUrl":"https:\/\/www.deyel.com\/wp-content\/uploads\/2025\/05\/M2-B-P.png","datePublished":"2025-05-20T21:25:09+00:00","dateModified":"2025-06-27T17:44:31+00:00","description":"Existem plataformas de software que oferecem aplica\u00e7\u00f5es prontas para usar e outras que permitem uma maior personaliza\u00e7\u00e3o. No entanto, existe uma proposta h\u00edbrida que combine o melhor de ambas? Nesta nota de blog, investigaremos as respectivas caracter\u00edsticas de cada abordagem e resolveremos essa pergunta.","breadcrumb":{"@id":"https:\/\/www.deyel.com\/pt-br\/blog\/plataforma-de-baixo-codigo-com-uma-abordagem-hibrida\/#breadcrumb"},"inLanguage":"pt-BR","potentialAction":[{"@type":"ReadAction","target":["https:\/\/www.deyel.com\/pt-br\/blog\/plataforma-de-baixo-codigo-com-uma-abordagem-hibrida\/"]}]},{"@type":"ImageObject","inLanguage":"pt-BR","@id":"https:\/\/www.deyel.com\/pt-br\/blog\/plataforma-de-baixo-codigo-com-uma-abordagem-hibrida\/#primaryimage","url":"https:\/\/www.deyel.com\/wp-content\/uploads\/2025\/05\/M2-B-P.png","contentUrl":"https:\/\/www.deyel.com\/wp-content\/uploads\/2025\/05\/M2-B-P.png","width":450,"height":450},{"@type":"BreadcrumbList","@id":"https:\/\/www.deyel.com\/pt-br\/blog\/plataforma-de-baixo-codigo-com-uma-abordagem-hibrida\/#breadcrumb","itemListElement":[{"@type":"ListItem","position":1,"name":"Home","item":"https:\/\/www.deyel.com\/pt-br\/"},{"@type":"ListItem","position":2,"name":"Aplicativos prontos para usar ou personalizados: qual \u00e9 o melhor?"}]},{"@type":"WebSite","@id":"https:\/\/www.deyel.com\/pt-br\/#website","url":"https:\/\/www.deyel.com\/pt-br\/","name":"Deyel","description":"Deyel es una Low Code application platform (Lcap\/NoCap) que te permite construir tus aplicaciones en un entorno seguro.","publisher":{"@id":"https:\/\/www.deyel.com\/pt-br\/#organization"},"potentialAction":[{"@type":"SearchAction","target":{"@type":"EntryPoint","urlTemplate":"https:\/\/www.deyel.com\/pt-br\/?s={search_term_string}"},"query-input":{"@type":"PropertyValueSpecification","valueRequired":true,"valueName":"search_term_string"}}],"inLanguage":"pt-BR"},{"@type":"Organization","@id":"https:\/\/www.deyel.com\/pt-br\/#organization","name":"Optaris","url":"https:\/\/www.deyel.com\/pt-br\/","logo":{"@type":"ImageObject","inLanguage":"pt-BR","@id":"https:\/\/www.deyel.com\/pt-br\/#\/schema\/logo\/image\/","url":"https:\/\/www.deyel.com\/wp-content\/uploads\/2022\/01\/optaris-logo.png","contentUrl":"https:\/\/www.deyel.com\/wp-content\/uploads\/2022\/01\/optaris-logo.png","width":800,"height":164,"caption":"Optaris"},"image":{"@id":"https:\/\/www.deyel.com\/pt-br\/#\/schema\/logo\/image\/"},"sameAs":["https:\/\/www.facebook.com\/deyelplatform","https:\/\/x.com\/deyelplatform","https:\/\/www.linkedin.com\/showcase\/deyel\/","https:\/\/www.youtube.com\/channel\/UCaYPJCvwQKSStOCJ-caxRqQ"]},{"@type":"Person","@id":"https:\/\/www.deyel.com\/pt-br\/#\/schema\/person\/2e38d504a565c43289704a249d34ab28","name":"Yessica Romero"}]}},"_links":{"self":[{"href":"https:\/\/www.deyel.com\/pt-br\/wp-json\/wp\/v2\/posts\/58522","targetHints":{"allow":["GET"]}}],"collection":[{"href":"https:\/\/www.deyel.com\/pt-br\/wp-json\/wp\/v2\/posts"}],"about":[{"href":"https:\/\/www.deyel.com\/pt-br\/wp-json\/wp\/v2\/types\/post"}],"author":[{"embeddable":true,"href":"https:\/\/www.deyel.com\/pt-br\/wp-json\/wp\/v2\/users\/3537"}],"replies":[{"embeddable":true,"href":"https:\/\/www.deyel.com\/pt-br\/wp-json\/wp\/v2\/comments?post=58522"}],"version-history":[{"count":0,"href":"https:\/\/www.deyel.com\/pt-br\/wp-json\/wp\/v2\/posts\/58522\/revisions"}],"wp:featuredmedia":[{"embeddable":true,"href":"https:\/\/www.deyel.com\/pt-br\/wp-json\/wp\/v2\/media\/58535"}],"wp:attachment":[{"href":"https:\/\/www.deyel.com\/pt-br\/wp-json\/wp\/v2\/media?parent=58522"}],"wp:term":[{"taxonomy":"category","embeddable":true,"href":"https:\/\/www.deyel.com\/pt-br\/wp-json\/wp\/v2\/categories?post=58522"},{"taxonomy":"post_tag","embeddable":true,"href":"https:\/\/www.deyel.com\/pt-br\/wp-json\/wp\/v2\/tags?post=58522"}],"curies":[{"name":"wp","href":"https:\/\/api.w.org\/{rel}","templated":true}]}}