{"id":55456,"date":"2024-07-23T12:28:45","date_gmt":"2024-07-23T15:28:45","guid":{"rendered":"https:\/\/deyelstage.wpenginepowered.com\/?p=55456"},"modified":"2024-07-23T12:31:58","modified_gmt":"2024-07-23T15:31:58","slug":"capacitacao-digital-solucoes-tecnologicas-que-fazem-a-diferenca","status":"publish","type":"post","link":"https:\/\/www.deyel.com\/pt-br\/blog\/capacitacao-digital-solucoes-tecnologicas-que-fazem-a-diferenca\/","title":{"rendered":"Capacita\u00e7\u00e3o digital: solu\u00e7\u00f5es tecnol\u00f3gicas que fazem a diferen\u00e7a"},"content":{"rendered":"","protected":false},"excerpt":{"rendered":"","protected":false},"author":3741,"featured_media":55595,"comment_status":"closed","ping_status":"closed","sticky":false,"template":"","format":"standard","meta":{"footnotes":""},"categories":[49],"tags":[],"class_list":["post-55456","post","type-post","status-publish","format-standard","has-post-thumbnail","hentry","category-blog"],"acf":[],"yoast_head":"<!-- This site is optimized with the Yoast SEO plugin v27.1.1 - https:\/\/yoast.com\/product\/yoast-seo-wordpress\/ -->\n<title>Solu\u00e7\u00f5es tecnol\u00f3gicas que fazem a diferen\u00e7a<\/title>\n<meta name=\"description\" content=\"Como a tecnologia certa \u00e9 fundamental para alcan\u00e7ar o sucesso e manter uma vantagem competitiva no mercado.\" \/>\n<meta name=\"robots\" content=\"index, follow, max-snippet:-1, max-image-preview:large, max-video-preview:-1\" \/>\n<link rel=\"canonical\" href=\"https:\/\/www.deyel.com\/pt-br\/blog\/capacitacao-digital-solucoes-tecnologicas-que-fazem-a-diferenca\/\" \/>\n<meta property=\"og:locale\" content=\"pt_BR\" \/>\n<meta property=\"og:type\" content=\"article\" \/>\n<meta property=\"og:title\" content=\"Solu\u00e7\u00f5es tecnol\u00f3gicas que fazem a diferen\u00e7a\" \/>\n<meta property=\"og:description\" content=\"Como a tecnologia certa \u00e9 fundamental para alcan\u00e7ar o sucesso e manter uma vantagem competitiva no mercado.\" \/>\n<meta property=\"og:url\" content=\"https:\/\/www.deyel.com\/pt-br\/blog\/capacitacao-digital-solucoes-tecnologicas-que-fazem-a-diferenca\/\" \/>\n<meta property=\"og:site_name\" content=\"Deyel\" \/>\n<meta property=\"article:publisher\" content=\"https:\/\/www.facebook.com\/deyelplatform\" \/>\n<meta property=\"article:published_time\" content=\"2024-07-23T15:28:45+00:00\" \/>\n<meta property=\"article:modified_time\" content=\"2024-07-23T15:31:58+00:00\" \/>\n<meta property=\"og:image\" content=\"https:\/\/www.deyel.com\/wp-content\/uploads\/2024\/07\/destacada-4.jpg\" \/>\n\t<meta property=\"og:image:width\" content=\"450\" \/>\n\t<meta property=\"og:image:height\" content=\"450\" \/>\n\t<meta property=\"og:image:type\" content=\"image\/jpeg\" \/>\n<meta name=\"author\" content=\"Julieta Lopez\" \/>\n<meta name=\"twitter:card\" content=\"summary_large_image\" \/>\n<meta name=\"twitter:creator\" content=\"@deyelplatform\" \/>\n<meta name=\"twitter:site\" content=\"@deyelplatform\" \/>\n<meta name=\"twitter:label1\" content=\"Written by\" \/>\n\t<meta name=\"twitter:data1\" content=\"Julieta Lopez\" \/>\n<script type=\"application\/ld+json\" class=\"yoast-schema-graph\">{\"@context\":\"https:\/\/schema.org\",\"@graph\":[{\"@type\":\"Article\",\"@id\":\"https:\/\/www.deyel.com\/pt-br\/blog\/capacitacao-digital-solucoes-tecnologicas-que-fazem-a-diferenca\/#article\",\"isPartOf\":{\"@id\":\"https:\/\/www.deyel.com\/pt-br\/blog\/capacitacao-digital-solucoes-tecnologicas-que-fazem-a-diferenca\/\"},\"author\":{\"name\":\"Julieta Lopez\",\"@id\":\"https:\/\/www.deyel.com\/pt-br\/#\/schema\/person\/0acbdc908176a2cff359a59fafc32a70\"},\"headline\":\"Capacita\u00e7\u00e3o digital: solu\u00e7\u00f5es tecnol\u00f3gicas que fazem a diferen\u00e7a\",\"datePublished\":\"2024-07-23T15:28:45+00:00\",\"dateModified\":\"2024-07-23T15:31:58+00:00\",\"mainEntityOfPage\":{\"@id\":\"https:\/\/www.deyel.com\/pt-br\/blog\/capacitacao-digital-solucoes-tecnologicas-que-fazem-a-diferenca\/\"},\"wordCount\":12,\"publisher\":{\"@id\":\"https:\/\/www.deyel.com\/pt-br\/#organization\"},\"image\":{\"@id\":\"https:\/\/www.deyel.com\/pt-br\/blog\/capacitacao-digital-solucoes-tecnologicas-que-fazem-a-diferenca\/#primaryimage\"},\"thumbnailUrl\":\"https:\/\/www.deyel.com\/wp-content\/uploads\/2024\/07\/destacada-4.jpg\",\"articleSection\":[\"Not\u00edcias\"],\"inLanguage\":\"pt-BR\"},{\"@type\":\"WebPage\",\"@id\":\"https:\/\/www.deyel.com\/pt-br\/blog\/capacitacao-digital-solucoes-tecnologicas-que-fazem-a-diferenca\/\",\"url\":\"https:\/\/www.deyel.com\/pt-br\/blog\/capacitacao-digital-solucoes-tecnologicas-que-fazem-a-diferenca\/\",\"name\":\"Solu\u00e7\u00f5es tecnol\u00f3gicas que fazem a diferen\u00e7a\",\"isPartOf\":{\"@id\":\"https:\/\/www.deyel.com\/pt-br\/#website\"},\"primaryImageOfPage\":{\"@id\":\"https:\/\/www.deyel.com\/pt-br\/blog\/capacitacao-digital-solucoes-tecnologicas-que-fazem-a-diferenca\/#primaryimage\"},\"image\":{\"@id\":\"https:\/\/www.deyel.com\/pt-br\/blog\/capacitacao-digital-solucoes-tecnologicas-que-fazem-a-diferenca\/#primaryimage\"},\"thumbnailUrl\":\"https:\/\/www.deyel.com\/wp-content\/uploads\/2024\/07\/destacada-4.jpg\",\"datePublished\":\"2024-07-23T15:28:45+00:00\",\"dateModified\":\"2024-07-23T15:31:58+00:00\",\"description\":\"Como a tecnologia certa \u00e9 fundamental para alcan\u00e7ar o sucesso e manter uma vantagem competitiva no mercado.\",\"breadcrumb\":{\"@id\":\"https:\/\/www.deyel.com\/pt-br\/blog\/capacitacao-digital-solucoes-tecnologicas-que-fazem-a-diferenca\/#breadcrumb\"},\"inLanguage\":\"pt-BR\",\"potentialAction\":[{\"@type\":\"ReadAction\",\"target\":[\"https:\/\/www.deyel.com\/pt-br\/blog\/capacitacao-digital-solucoes-tecnologicas-que-fazem-a-diferenca\/\"]}]},{\"@type\":\"ImageObject\",\"inLanguage\":\"pt-BR\",\"@id\":\"https:\/\/www.deyel.com\/pt-br\/blog\/capacitacao-digital-solucoes-tecnologicas-que-fazem-a-diferenca\/#primaryimage\",\"url\":\"https:\/\/www.deyel.com\/wp-content\/uploads\/2024\/07\/destacada-4.jpg\",\"contentUrl\":\"https:\/\/www.deyel.com\/wp-content\/uploads\/2024\/07\/destacada-4.jpg\",\"width\":450,\"height\":450},{\"@type\":\"BreadcrumbList\",\"@id\":\"https:\/\/www.deyel.com\/pt-br\/blog\/capacitacao-digital-solucoes-tecnologicas-que-fazem-a-diferenca\/#breadcrumb\",\"itemListElement\":[{\"@type\":\"ListItem\",\"position\":1,\"name\":\"Home\",\"item\":\"https:\/\/www.deyel.com\/pt-br\/\"},{\"@type\":\"ListItem\",\"position\":2,\"name\":\"Capacita\u00e7\u00e3o digital: solu\u00e7\u00f5es tecnol\u00f3gicas que fazem a diferen\u00e7a\"}]},{\"@type\":\"WebSite\",\"@id\":\"https:\/\/www.deyel.com\/pt-br\/#website\",\"url\":\"https:\/\/www.deyel.com\/pt-br\/\",\"name\":\"Deyel\",\"description\":\"Deyel es una Low Code application platform (Lcap\/NoCap) que te permite construir tus aplicaciones en un entorno seguro.\",\"publisher\":{\"@id\":\"https:\/\/www.deyel.com\/pt-br\/#organization\"},\"potentialAction\":[{\"@type\":\"SearchAction\",\"target\":{\"@type\":\"EntryPoint\",\"urlTemplate\":\"https:\/\/www.deyel.com\/pt-br\/?s={search_term_string}\"},\"query-input\":{\"@type\":\"PropertyValueSpecification\",\"valueRequired\":true,\"valueName\":\"search_term_string\"}}],\"inLanguage\":\"pt-BR\"},{\"@type\":\"Organization\",\"@id\":\"https:\/\/www.deyel.com\/pt-br\/#organization\",\"name\":\"Optaris\",\"url\":\"https:\/\/www.deyel.com\/pt-br\/\",\"logo\":{\"@type\":\"ImageObject\",\"inLanguage\":\"pt-BR\",\"@id\":\"https:\/\/www.deyel.com\/pt-br\/#\/schema\/logo\/image\/\",\"url\":\"https:\/\/www.deyel.com\/wp-content\/uploads\/2022\/01\/optaris-logo.png\",\"contentUrl\":\"https:\/\/www.deyel.com\/wp-content\/uploads\/2022\/01\/optaris-logo.png\",\"width\":800,\"height\":164,\"caption\":\"Optaris\"},\"image\":{\"@id\":\"https:\/\/www.deyel.com\/pt-br\/#\/schema\/logo\/image\/\"},\"sameAs\":[\"https:\/\/www.facebook.com\/deyelplatform\",\"https:\/\/x.com\/deyelplatform\",\"https:\/\/www.linkedin.com\/showcase\/deyel\/\",\"https:\/\/www.youtube.com\/channel\/UCaYPJCvwQKSStOCJ-caxRqQ\"]},{\"@type\":\"Person\",\"@id\":\"https:\/\/www.deyel.com\/pt-br\/#\/schema\/person\/0acbdc908176a2cff359a59fafc32a70\",\"name\":\"Julieta Lopez\"}]}<\/script>\n<!-- \/ Yoast SEO plugin. -->","yoast_head_json":{"title":"Solu\u00e7\u00f5es tecnol\u00f3gicas que fazem a diferen\u00e7a","description":"Como a tecnologia certa \u00e9 fundamental para alcan\u00e7ar o sucesso e manter uma vantagem competitiva no mercado.","robots":{"index":"index","follow":"follow","max-snippet":"max-snippet:-1","max-image-preview":"max-image-preview:large","max-video-preview":"max-video-preview:-1"},"canonical":"https:\/\/www.deyel.com\/pt-br\/blog\/capacitacao-digital-solucoes-tecnologicas-que-fazem-a-diferenca\/","og_locale":"pt_BR","og_type":"article","og_title":"Solu\u00e7\u00f5es tecnol\u00f3gicas que fazem a diferen\u00e7a","og_description":"Como a tecnologia certa \u00e9 fundamental para alcan\u00e7ar o sucesso e manter uma vantagem competitiva no mercado.","og_url":"https:\/\/www.deyel.com\/pt-br\/blog\/capacitacao-digital-solucoes-tecnologicas-que-fazem-a-diferenca\/","og_site_name":"Deyel","article_publisher":"https:\/\/www.facebook.com\/deyelplatform","article_published_time":"2024-07-23T15:28:45+00:00","article_modified_time":"2024-07-23T15:31:58+00:00","og_image":[{"width":450,"height":450,"url":"https:\/\/www.deyel.com\/wp-content\/uploads\/2024\/07\/destacada-4.jpg","type":"image\/jpeg"}],"author":"Julieta Lopez","twitter_card":"summary_large_image","twitter_creator":"@deyelplatform","twitter_site":"@deyelplatform","twitter_misc":{"Written by":"Julieta Lopez"},"schema":{"@context":"https:\/\/schema.org","@graph":[{"@type":"Article","@id":"https:\/\/www.deyel.com\/pt-br\/blog\/capacitacao-digital-solucoes-tecnologicas-que-fazem-a-diferenca\/#article","isPartOf":{"@id":"https:\/\/www.deyel.com\/pt-br\/blog\/capacitacao-digital-solucoes-tecnologicas-que-fazem-a-diferenca\/"},"author":{"name":"Julieta Lopez","@id":"https:\/\/www.deyel.com\/pt-br\/#\/schema\/person\/0acbdc908176a2cff359a59fafc32a70"},"headline":"Capacita\u00e7\u00e3o digital: solu\u00e7\u00f5es tecnol\u00f3gicas que fazem a diferen\u00e7a","datePublished":"2024-07-23T15:28:45+00:00","dateModified":"2024-07-23T15:31:58+00:00","mainEntityOfPage":{"@id":"https:\/\/www.deyel.com\/pt-br\/blog\/capacitacao-digital-solucoes-tecnologicas-que-fazem-a-diferenca\/"},"wordCount":12,"publisher":{"@id":"https:\/\/www.deyel.com\/pt-br\/#organization"},"image":{"@id":"https:\/\/www.deyel.com\/pt-br\/blog\/capacitacao-digital-solucoes-tecnologicas-que-fazem-a-diferenca\/#primaryimage"},"thumbnailUrl":"https:\/\/www.deyel.com\/wp-content\/uploads\/2024\/07\/destacada-4.jpg","articleSection":["Not\u00edcias"],"inLanguage":"pt-BR"},{"@type":"WebPage","@id":"https:\/\/www.deyel.com\/pt-br\/blog\/capacitacao-digital-solucoes-tecnologicas-que-fazem-a-diferenca\/","url":"https:\/\/www.deyel.com\/pt-br\/blog\/capacitacao-digital-solucoes-tecnologicas-que-fazem-a-diferenca\/","name":"Solu\u00e7\u00f5es tecnol\u00f3gicas que fazem a diferen\u00e7a","isPartOf":{"@id":"https:\/\/www.deyel.com\/pt-br\/#website"},"primaryImageOfPage":{"@id":"https:\/\/www.deyel.com\/pt-br\/blog\/capacitacao-digital-solucoes-tecnologicas-que-fazem-a-diferenca\/#primaryimage"},"image":{"@id":"https:\/\/www.deyel.com\/pt-br\/blog\/capacitacao-digital-solucoes-tecnologicas-que-fazem-a-diferenca\/#primaryimage"},"thumbnailUrl":"https:\/\/www.deyel.com\/wp-content\/uploads\/2024\/07\/destacada-4.jpg","datePublished":"2024-07-23T15:28:45+00:00","dateModified":"2024-07-23T15:31:58+00:00","description":"Como a tecnologia certa \u00e9 fundamental para alcan\u00e7ar o sucesso e manter uma vantagem competitiva no mercado.","breadcrumb":{"@id":"https:\/\/www.deyel.com\/pt-br\/blog\/capacitacao-digital-solucoes-tecnologicas-que-fazem-a-diferenca\/#breadcrumb"},"inLanguage":"pt-BR","potentialAction":[{"@type":"ReadAction","target":["https:\/\/www.deyel.com\/pt-br\/blog\/capacitacao-digital-solucoes-tecnologicas-que-fazem-a-diferenca\/"]}]},{"@type":"ImageObject","inLanguage":"pt-BR","@id":"https:\/\/www.deyel.com\/pt-br\/blog\/capacitacao-digital-solucoes-tecnologicas-que-fazem-a-diferenca\/#primaryimage","url":"https:\/\/www.deyel.com\/wp-content\/uploads\/2024\/07\/destacada-4.jpg","contentUrl":"https:\/\/www.deyel.com\/wp-content\/uploads\/2024\/07\/destacada-4.jpg","width":450,"height":450},{"@type":"BreadcrumbList","@id":"https:\/\/www.deyel.com\/pt-br\/blog\/capacitacao-digital-solucoes-tecnologicas-que-fazem-a-diferenca\/#breadcrumb","itemListElement":[{"@type":"ListItem","position":1,"name":"Home","item":"https:\/\/www.deyel.com\/pt-br\/"},{"@type":"ListItem","position":2,"name":"Capacita\u00e7\u00e3o digital: solu\u00e7\u00f5es tecnol\u00f3gicas que fazem a diferen\u00e7a"}]},{"@type":"WebSite","@id":"https:\/\/www.deyel.com\/pt-br\/#website","url":"https:\/\/www.deyel.com\/pt-br\/","name":"Deyel","description":"Deyel es una Low Code application platform (Lcap\/NoCap) que te permite construir tus aplicaciones en un entorno seguro.","publisher":{"@id":"https:\/\/www.deyel.com\/pt-br\/#organization"},"potentialAction":[{"@type":"SearchAction","target":{"@type":"EntryPoint","urlTemplate":"https:\/\/www.deyel.com\/pt-br\/?s={search_term_string}"},"query-input":{"@type":"PropertyValueSpecification","valueRequired":true,"valueName":"search_term_string"}}],"inLanguage":"pt-BR"},{"@type":"Organization","@id":"https:\/\/www.deyel.com\/pt-br\/#organization","name":"Optaris","url":"https:\/\/www.deyel.com\/pt-br\/","logo":{"@type":"ImageObject","inLanguage":"pt-BR","@id":"https:\/\/www.deyel.com\/pt-br\/#\/schema\/logo\/image\/","url":"https:\/\/www.deyel.com\/wp-content\/uploads\/2022\/01\/optaris-logo.png","contentUrl":"https:\/\/www.deyel.com\/wp-content\/uploads\/2022\/01\/optaris-logo.png","width":800,"height":164,"caption":"Optaris"},"image":{"@id":"https:\/\/www.deyel.com\/pt-br\/#\/schema\/logo\/image\/"},"sameAs":["https:\/\/www.facebook.com\/deyelplatform","https:\/\/x.com\/deyelplatform","https:\/\/www.linkedin.com\/showcase\/deyel\/","https:\/\/www.youtube.com\/channel\/UCaYPJCvwQKSStOCJ-caxRqQ"]},{"@type":"Person","@id":"https:\/\/www.deyel.com\/pt-br\/#\/schema\/person\/0acbdc908176a2cff359a59fafc32a70","name":"Julieta Lopez"}]}},"_links":{"self":[{"href":"https:\/\/www.deyel.com\/pt-br\/wp-json\/wp\/v2\/posts\/55456","targetHints":{"allow":["GET"]}}],"collection":[{"href":"https:\/\/www.deyel.com\/pt-br\/wp-json\/wp\/v2\/posts"}],"about":[{"href":"https:\/\/www.deyel.com\/pt-br\/wp-json\/wp\/v2\/types\/post"}],"author":[{"embeddable":true,"href":"https:\/\/www.deyel.com\/pt-br\/wp-json\/wp\/v2\/users\/3741"}],"replies":[{"embeddable":true,"href":"https:\/\/www.deyel.com\/pt-br\/wp-json\/wp\/v2\/comments?post=55456"}],"version-history":[{"count":0,"href":"https:\/\/www.deyel.com\/pt-br\/wp-json\/wp\/v2\/posts\/55456\/revisions"}],"wp:featuredmedia":[{"embeddable":true,"href":"https:\/\/www.deyel.com\/pt-br\/wp-json\/wp\/v2\/media\/55595"}],"wp:attachment":[{"href":"https:\/\/www.deyel.com\/pt-br\/wp-json\/wp\/v2\/media?parent=55456"}],"wp:term":[{"taxonomy":"category","embeddable":true,"href":"https:\/\/www.deyel.com\/pt-br\/wp-json\/wp\/v2\/categories?post=55456"},{"taxonomy":"post_tag","embeddable":true,"href":"https:\/\/www.deyel.com\/pt-br\/wp-json\/wp\/v2\/tags?post=55456"}],"curies":[{"name":"wp","href":"https:\/\/api.w.org\/{rel}","templated":true}]}}